{"id":357,"date":"2013-02-12T22:14:13","date_gmt":"2013-02-12T21:14:13","guid":{"rendered":"http:\/\/www.runsten.net\/?p=357"},"modified":"2013-02-12T22:14:13","modified_gmt":"2013-02-12T21:14:13","slug":"semlor-mm-det-var-idag","status":"publish","type":"post","link":"https:\/\/www.runsten.net\/?p=357","title":{"rendered":"Semlor, mm det var idag.."},"content":{"rendered":"<p>Fettisdagen,\u00a0\u00e4r i\u00a0kristen\u00a0tradition\u00a0tisdagen\u00a0efter\u00a0fastlagss\u00f6ndagen, 47 dagar f\u00f6re\u00a0p\u00e5sk. Dagen \u00e4r d\u00e4rmed r\u00f6rlig, och kan infalla som tidigast 3 februari och senast 9 mars. Fettisdagen \u00e4r den tredje av de tre dagarna i\u00a0fastlagen, dagarna f\u00f6re\u00a0fastan, d\u00e4r den f\u00f6rsta \u00e4r\u00a0fastlagss\u00f6ndagen\u00a0och den andra \u00e4r\u00a0bl\u00e5 m\u00e5ndagen. \/Wikipedia<\/p>\n<p>Man ska \u00e4ta semlor, och jag har helt missat att det var idag! Att \u00c5sa bj\u00f6d p\u00e5 nybakta semlor i l\u00f6rdags kunde ha med denna speciella dag t\u00e4nkte jag inte ens p\u00e5. N\u00e5v\u00e4l, p\u00e5 jobbet kom jag p\u00e5 detta och ins\u00e5g att det borde vara semmelsp\u00e5ret idag i s\u00e5 fall. Man tr\u00e4ffas vid folkets hus, \u00e5ker ett skidsp\u00e5r runt skogen, drygt 1km, upplyst av\u00a0marshaller\u00a0och d\u00e4refter \u00e4ter man semlor och dricker saft i folkets hus tillsammans. En supermysig tradition. Men denna g\u00e5ng stod jag \u00f6ver. Tilda fick \u00e5ka dit med kompisen och jag och Ture bakade semlor tillsammans. De \u00e4r nu i ugnen och v\u00e4ntar p\u00e5 att f\u00e4rdiggr\u00e4ddas. Blir gott, men antagligen hinner klockan sl\u00e5 f\u00f6r mycket f\u00f6r att avnjuta dem redan ikv\u00e4ll.<\/p>\n<p>Jag hann faktiskt ut i skidsp\u00e5ret sj\u00e4lv medan bullarna j\u00e4ste under duk. 7km och riktigt h\u00e4rligt var det =)<\/p>\n<p>Nu ska jag plocka ut en pl\u00e5t! =)<\/p>\n","protected":false},"excerpt":{"rendered":"<p>Fettisdagen,\u00a0\u00e4r i\u00a0kristen\u00a0tradition\u00a0tisdagen\u00a0efter\u00a0fastlagss\u00f6ndagen, 47 dagar f\u00f6re\u00a0p\u00e5sk. Dagen \u00e4r d\u00e4rmed r\u00f6rlig, och kan infalla som tidigast 3 februari och senast 9 mars. Fettisdagen \u00e4r den tredje av de tre dagarna i\u00a0fastlagen, dagarna f\u00f6re\u00a0fastan, d\u00e4r den f\u00f6rsta \u00e4r\u00a0fastlagss\u00f6ndagen\u00a0och den andra \u00e4r\u00a0bl\u00e5 m\u00e5ndagen. \/Wikipedia &hellip; <a href=\"https:\/\/www.runsten.net\/?p=357\">L\u00e4s mer <span class=\"meta-nav\">&rarr;<\/span><\/a><\/p>\n","protected":false},"author":1,"featured_media":0,"comment_status":"open","ping_status":"open","sticky":false,"template":"","format":"standard","meta":{"footnotes":""},"categories":[3,2],"tags":[],"_links":{"self":[{"href":"https:\/\/www.runsten.net\/index.php?rest_route=\/wp\/v2\/posts\/357"}],"collection":[{"href":"https:\/\/www.runsten.net\/index.php?rest_route=\/wp\/v2\/posts"}],"about":[{"href":"https:\/\/www.runsten.net\/index.php?rest_route=\/wp\/v2\/types\/post"}],"author":[{"embeddable":true,"href":"https:\/\/www.runsten.net\/index.php?rest_route=\/wp\/v2\/users\/1"}],"replies":[{"embeddable":true,"href":"https:\/\/www.runsten.net\/index.php?rest_route=%2Fwp%2Fv2%2Fcomments&post=357"}],"version-history":[{"count":1,"href":"https:\/\/www.runsten.net\/index.php?rest_route=\/wp\/v2\/posts\/357\/revisions"}],"predecessor-version":[{"id":358,"href":"https:\/\/www.runsten.net\/index.php?rest_route=\/wp\/v2\/posts\/357\/revisions\/358"}],"wp:attachment":[{"href":"https:\/\/www.runsten.net\/index.php?rest_route=%2Fwp%2Fv2%2Fmedia&parent=357"}],"wp:term":[{"taxonomy":"category","embeddable":true,"href":"https:\/\/www.runsten.net\/index.php?rest_route=%2Fwp%2Fv2%2Fcategories&post=357"},{"taxonomy":"post_tag","embeddable":true,"href":"https:\/\/www.runsten.net\/index.php?rest_route=%2Fwp%2Fv2%2Ftags&post=357"}],"curies":[{"name":"wp","href":"https:\/\/api.w.org\/{rel}","templated":true}]}}